{"id":1044,"date":"2013-03-20T09:29:15","date_gmt":"2013-03-20T08:29:15","guid":{"rendered":"https:\/\/archiv.hugiballon.ch\/?p=1044"},"modified":"2014-01-13T22:35:43","modified_gmt":"2014-01-13T21:35:43","slug":"emmentaler-ballonwoche","status":"publish","type":"post","link":"https:\/\/archiv.hugiballon.ch\/?p=1044","title":{"rendered":"Emmentaler Ballonwoche"},"content":{"rendered":"<p>Von heute bis Sonntag nehmen wir an der Emmentaler Ballonwoche teil. Im Rahmen dieses Events werden \u00fcber 50 Ballone den Himmel \u00fcber Affoltern im Emmental etwas bunter machen.<\/p>\n<p>Die Nationalmannschaft wird dabei ein Training absolvieren, welches vom Coach L\u00e9on Andr\u00e9 geleitet wird. Wir hoffen auf m\u00f6glichst viele Fahrten.<\/p>\n<p><a href=\"https:\/\/archiv.hugiballon.ch\/wp-content\/uploads\/2013\/03\/2013_emmentaler_ballonwoche.png\"><img loading=\"lazy\" decoding=\"async\" class=\"aligncenter size-full wp-image-1045\" alt=\"2013_emmentaler_ballonwoche\" src=\"https:\/\/archiv.hugiballon.ch\/wp-content\/uploads\/2013\/03\/2013_emmentaler_ballonwoche.png\" width=\"560\" height=\"802\" srcset=\"https:\/\/archiv.hugiballon.ch\/wp-content\/uploads\/2013\/03\/2013_emmentaler_ballonwoche.png 560w, https:\/\/archiv.hugiballon.ch\/wp-content\/uploads\/2013\/03\/2013_emmentaler_ballonwoche-209x300.png 209w\" sizes=\"auto, (max-width: 560px) 100vw, 560px\" \/><\/a><\/p>\n<p>&nbsp;<\/p>\n<p>&nbsp;<\/p>\n","protected":false},"excerpt":{"rendered":"<p>Von heute bis Sonntag nehmen wir an der Emmentaler Ballonwoche teil. Im Rahmen dieses Events werden \u00fcber 50 Ballone den Himmel \u00fcber Affoltern im Emmental etwas bunter machen. Die Nationalmannschaft wird dabei ein Training absolvieren, welches vom Coach L\u00e9on Andr\u00e9 &hellip; <a href=\"https:\/\/archiv.hugiballon.ch\/?p=1044\">Weiterlesen <span class=\"meta-nav\">&rarr;<\/span><\/a><\/p>\n","protected":false},"author":2,"featured_media":0,"comment_status":"closed","ping_status":"closed","sticky":false,"template":"","format":"standard","meta":{"ngg_post_thumbnail":0,"footnotes":""},"categories":[3,6],"tags":[],"class_list":["post-1044","post","type-post","status-publish","format-standard","hentry","category-ballonmeetings","category-wettbewerbe"],"_links":{"self":[{"href":"https:\/\/archiv.hugiballon.ch\/index.php?rest_route=\/wp\/v2\/posts\/1044","targetHints":{"allow":["GET"]}}],"collection":[{"href":"https:\/\/archiv.hugiballon.ch\/index.php?rest_route=\/wp\/v2\/posts"}],"about":[{"href":"https:\/\/archiv.hugiballon.ch\/index.php?rest_route=\/wp\/v2\/types\/post"}],"author":[{"embeddable":true,"href":"https:\/\/archiv.hugiballon.ch\/index.php?rest_route=\/wp\/v2\/users\/2"}],"replies":[{"embeddable":true,"href":"https:\/\/archiv.hugiballon.ch\/index.php?rest_route=%2Fwp%2Fv2%2Fcomments&post=1044"}],"version-history":[{"count":2,"href":"https:\/\/archiv.hugiballon.ch\/index.php?rest_route=\/wp\/v2\/posts\/1044\/revisions"}],"predecessor-version":[{"id":1047,"href":"https:\/\/archiv.hugiballon.ch\/index.php?rest_route=\/wp\/v2\/posts\/1044\/revisions\/1047"}],"wp:attachment":[{"href":"https:\/\/archiv.hugiballon.ch\/index.php?rest_route=%2Fwp%2Fv2%2Fmedia&parent=1044"}],"wp:term":[{"taxonomy":"category","embeddable":true,"href":"https:\/\/archiv.hugiballon.ch\/index.php?rest_route=%2Fwp%2Fv2%2Fcategories&post=1044"},{"taxonomy":"post_tag","embeddable":true,"href":"https:\/\/archiv.hugiballon.ch\/index.php?rest_route=%2Fwp%2Fv2%2Ftags&post=1044"}],"curies":[{"name":"wp","href":"https:\/\/api.w.org\/{rel}","templated":true}]}}